{"id":1057,"date":"2023-06-12T21:58:48","date_gmt":"2023-06-12T21:58:48","guid":{"rendered":"https:\/\/prihoda.hr\/sq\/?p=1057"},"modified":"2023-09-28T12:40:27","modified_gmt":"2023-09-28T12:40:27","slug":"ventilim-i-mire-mesim-cilesor","status":"publish","type":"post","link":"https:\/\/prihoda.hr\/sq\/ventilim-i-mire-mesim-cilesor\/","title":{"rendered":"Ventilim i mir\u00eb &#8211; m\u00ebsim cil\u00ebsor"},"content":{"rendered":"<p><b>\u00c7far\u00eb e pengon ajrosjen e mir\u00eb n\u00eb shkolla?<\/b><\/p>\n<p><span style=\"font-weight: 400;\">Ajrosja e mir\u00eb e hap\u00ebsir\u00ebs mori r\u00ebnd\u00ebsi me p\u00ebrhapjen e pandemis\u00eb Covid. Megjithat\u00eb, ajri i past\u00ebr ka qen\u00eb gjithmon\u00eb i r\u00ebnd\u00ebsish\u00ebm p\u00ebr sh\u00ebndetin ton\u00eb. Koh\u00ebt e fundit m\u00eb shum\u00eb v\u00ebmendje i \u00ebsht\u00eb kushtuar pasojave t\u00eb ajrosjes s\u00eb dob\u00ebt n\u00eb ambientet e mbyllura \u2013 ve\u00e7an\u00ebrisht ndikimi i munges\u00ebs s\u00eb ajrit t\u00eb past\u00ebr tek nx\u00ebn\u00ebsit e shkollave, t\u00eb cil\u00ebt kalojn\u00eb or\u00eb t\u00eb t\u00ebra n\u00eb klasa \u00e7do dit\u00eb.\u00a0<\/span><\/p>\n<p><span style=\"font-weight: 400;\">Megjithat\u00eb, n\u00eb shum\u00eb raste ajrimi nuk \u00ebsht\u00eb prioritet n\u00eb shkolla, kolegje dhe institucione t\u00eb tjera arsimore.<\/span><\/p>\n<p>&nbsp;<\/p>\n<p><b>Pse shkollat \u200b\u200bduhet t&#8217;i kushtojn\u00eb r\u00ebnd\u00ebsi ventilimit?<\/b><\/p>\n<p><b>P\u00ebrmir\u00ebsimi i procesit m\u00ebsimor<\/b><\/p>\n<p><span style=\"font-weight: 400;\">Sipas Qendr\u00ebs John Hopkins p\u00ebr Sigurin\u00eb Sh\u00ebndet\u00ebsore, mungesa e ajrosjes s\u00eb mir\u00eb n\u00eb shkolla ka &#8220;d\u00ebshmuar efekte negative n\u00eb t\u00eb nx\u00ebnit&#8221;. Hulumtimet tregojn\u00eb se ajrimi dhe temperatura e dhom\u00ebs kan\u00eb nj\u00eb ndikim t\u00eb drejtp\u00ebrdrejt\u00eb n\u00eb rezultatet akademike t\u00eb student\u00ebve. Nj\u00eb studim i vitit 2005 tregoi se rezultatet e testit t\u00eb matematik\u00ebs midis nj\u00eb kampioni prej 3000 student\u00ebsh u p\u00ebrmir\u00ebsuan me 0.5% me \u00e7do lit\u00ebr shtes\u00eb aj\u00ebr t\u00eb past\u00ebr p\u00ebr person. Rezultatet e tyre gjithashtu u p\u00ebrmir\u00ebsuan pasi temperatura u ul n\u00eb intervalin 20\u00b0 deri n\u00eb 25\u00b0C. Arsyeja p\u00ebr k\u00ebto p\u00ebrmir\u00ebsime n\u00eb rezultate \u00ebsht\u00eb p\u00ebrqendrimi m\u00eb i ul\u00ebt i CO\u2082 dhe ruajtja e nj\u00eb temperature t\u00eb rehatshme dhe jo shum\u00eb t\u00eb lart\u00eb n\u00eb dhom\u00eb.<\/span><\/p>\n<p><img data-recalc-dims=\"1\" loading=\"lazy\" decoding=\"async\" class=\"alignnone size-full wp-image-1059\" src=\"https:\/\/i0.wp.com\/prihoda.hr\/sq\/wp-content\/uploads\/sites\/8\/2023\/06\/%C5%A1kola-1.jpg?resize=827%2C719&#038;ssl=1\" alt=\"\" width=\"827\" height=\"719\" srcset=\"https:\/\/i0.wp.com\/prihoda.hr\/sq\/wp-content\/uploads\/sites\/8\/2023\/06\/%C5%A1kola-1.jpg?w=827&amp;ssl=1 827w, https:\/\/i0.wp.com\/prihoda.hr\/sq\/wp-content\/uploads\/sites\/8\/2023\/06\/%C5%A1kola-1.jpg?resize=300%2C261&amp;ssl=1 300w, https:\/\/i0.wp.com\/prihoda.hr\/sq\/wp-content\/uploads\/sites\/8\/2023\/06\/%C5%A1kola-1.jpg?resize=768%2C668&amp;ssl=1 768w\" sizes=\"auto, (max-width: 827px) 100vw, 827px\" \/><\/p>\n<p><b>P\u00ebrqendrim dhe v\u00ebmendje m\u00eb t\u00eb mir\u00eb\u00a0<\/b><\/p>\n<p><span style=\"font-weight: 400;\">Ventilimi i dob\u00ebt shkakton ulje t\u00eb p\u00ebrqendrimit, gj\u00eb q\u00eb ndikon n\u00eb marrjen e materialit dhe rrit mund\u00ebsin\u00eb e gabimeve. Si rezultat, pason sukses m\u00eb i ul\u00ebt akademik. P\u00ebrqendrimi i dob\u00ebt dhe pasojat e tij jan\u00eb nj\u00eb problem q\u00eb nx\u00ebn\u00ebsit dhe m\u00ebsuesit e kan\u00eb njohur tashm\u00eb. N\u00eb sondazhet e kryera n\u00eb SHBA, m\u00ebsuesit m\u00eb s\u00eb shpeshti p\u00ebrmend\u00ebn cil\u00ebsin\u00eb e dob\u00ebt t\u00eb ajrit n\u00eb klasa si problem q\u00eb lidhet me kushtet e pun\u00ebs. Kushtet e mira t\u00eb pun\u00ebs, p\u00ebrfshir\u00eb ajrosjen, u p\u00ebrmend\u00ebn si nj\u00eb faktor ky\u00e7 n\u00eb cil\u00ebsin\u00eb e m\u00ebsimdh\u00ebnies.<\/span><\/p>\n<p>&nbsp;<\/p>\n<p><b>Ndihmon n\u00eb parandalimin e p\u00ebrhapjes s\u00eb ftohjes dhe s\u00ebmundjeve t\u00eb tjera infektive<\/b><\/p>\n<p><span style=\"font-weight: 400;\">S\u00ebmundjet infektive q\u00eb mundojn\u00eb shkollat (ve\u00e7an\u00ebrisht kopshtet) shpesh konsiderohen si pjes\u00eb e pashmangshme e jet\u00ebs shkollore, por kjo mund t\u00eb minimizohet. Rritja dhe p\u00ebrmir\u00ebsimi i ventilimit mund t\u00eb zvog\u00ebloj\u00eb sasin\u00eb e ndot\u00ebsve t\u00eb ajrit si alergjen\u00ebt ose patogjen\u00ebt.<\/span><\/p>\n<p>&nbsp;<\/p>\n<p><b>Cilat jan\u00eb pengesat<\/b> <b>kryesore p\u00ebr arritjen e ajrosjes s\u00eb mir\u00eb t\u00eb klas\u00ebs?\u00a0<\/b><\/p>\n<p><b>Aksesueshm\u00ebria<\/b><\/p>\n<p><span style=\"font-weight: 400;\">P\u00ebr shum\u00eb shkolla dhe fakultete, \u00e7mimi \u00ebsht\u00eb pengesa kryesore p\u00ebr p\u00ebrmir\u00ebsimin e kushteve fizike t\u00eb pun\u00ebs, si\u00e7 \u00ebsht\u00eb sistemi i ventilimit. Nuk \u00ebsht\u00eb sekret q\u00eb shkollat \u200b\u200bpunojn\u00eb me buxhete t\u00eb vogla q\u00eb duhet t\u00eb mbulojn\u00eb nj\u00eb spekt\u00ebr t\u00eb gjer\u00eb nevojash. N\u00eb nj\u00eb situat\u00eb t\u00eb till\u00eb, fokusi \u00ebsht\u00eb shpesh n\u00eb rregullimin e gj\u00ebrave, sesa n\u00eb p\u00ebrmir\u00ebsimin e pajisjeve ekzistuese.<\/span><\/p>\n<p><b>\u00cbsht\u00eb e r\u00ebnd\u00ebsishme t\u00eb theksohet se kanalet e tekstilit zakonisht kan\u00eb nj\u00eb \u00e7mim m\u00eb t\u00eb ul\u00ebt se sistemet e tjera t\u00eb ventilimit p\u00ebr shkak t\u00eb kostos m\u00eb t\u00eb ul\u00ebt t\u00eb materialeve dhe instalimit, por pa ulur cil\u00ebsin\u00eb.<\/b><\/p>\n<p>&nbsp;<\/p>\n<p><b>Profesionalizmi\u00a0<\/b><\/p>\n<p><span style=\"font-weight: 400;\">\u00c7do projekt teknik k\u00ebrkon nj\u00eb nivel t\u00eb caktuar ekspertize dhe p\u00ebrvoj\u00eb. Kjo zakonisht n\u00ebnkupton gjetjen e kontraktorit t\u00eb duhur p\u00ebr \u00e7do projekt, por ndonj\u00ebher\u00eb mund t\u00eb jet\u00eb e v\u00ebshtir\u00eb t\u00eb dish se k\u00eb t\u00eb zgjedh\u00ebsh, ve\u00e7an\u00ebrisht kur b\u00ebhet fjal\u00eb p\u00ebr nj\u00eb sistem ngrohjeje, ftohjeje dhe ventilimi me shum\u00eb q\u00ebllime.<\/span><\/p>\n<p>&nbsp;<\/p>\n<p><b>Konfigurimi \/ nd\u00ebrprerje pun\u00eb<\/b><\/p>\n<p><span style=\"font-weight: 400;\">Stafi i shkoll\u00ebs shpesh \u00ebsht\u00eb shum\u00eb i z\u00ebn\u00eb me m\u00ebsimdh\u00ebnien, vler\u00ebsimin e provimeve, pun\u00ebt administrative dhe shum\u00eb p\u00ebrgjegj\u00ebsi t\u00eb tjera t\u00eb p\u00ebrditshme. Me shum\u00eb pak koh\u00eb t\u00eb mbetur p\u00ebr detyra jo urgjente, mir\u00ebmbajtja e sistemit \u00ebsht\u00eb e leht\u00eb t\u00eb neglizhohet, ve\u00e7an\u00ebrisht n\u00ebse k\u00ebrkon koh\u00eb jo urgjente. P\u00ebr fat t\u00eb mir\u00eb, <\/span><b>instalimi i nj\u00eb sistemi t\u00eb ventilimit t\u00eb tekstilit \u00ebsht\u00eb shum\u00eb i shpejt\u00eb n\u00eb krahasim me sistemet tradicionale dhe ne ofrojm\u00eb gjithashtu nj\u00eb sh\u00ebrbim instalimi.<\/b><\/p>\n<p>&nbsp;<\/p>\n<p><b>Kanalet e tekstilit p\u00ebr ventilimin e klas\u00ebs\u00a0<\/b><\/p>\n<p><span style=\"font-weight: 400;\">N\u00eb Prihoda, ne i njohim mir\u00eb kushtet e ajrimit t\u00eb shkollave dhe fakulteteve q\u00eb duhen plot\u00ebsuar, pasi kemi m\u00eb shum\u00eb se 2 dekada p\u00ebrvoj\u00eb n\u00eb projektimin dhe prodhimin e kanaleve t\u00eb tekstilit p\u00ebr institucionet arsimore. Ne ofrojm\u00eb nj\u00eb zgjidhje q\u00eb \u00ebsht\u00eb <\/span><b>m\u00eb e p\u00ebrballueshme, m\u00eb e shpejt\u00eb p\u00ebr t&#8217;u vendosur dhe m\u00eb e leht\u00eb p\u00ebr t&#8217;u mir\u00ebmbajtur. <\/b><span style=\"font-weight: 400;\">Kanalet tona t\u00eb tekstilit jan\u00eb krijuar p\u00ebr t\u00eb qen\u00eb t\u00eb bukur dhe praktik<\/span><b>, k\u00ebshtu q\u00eb nuk keni nevoj\u00eb t\u00eb zgjidhni midis shijes s\u00eb mir\u00eb dhe ajrosjes s\u00eb shk\u00eblqyer.<\/b><\/p>\n","protected":false},"excerpt":{"rendered":"<p>\u00c7far\u00eb e pengon ajrosjen e mir\u00eb n\u00eb shkolla? Ajrosja e mir\u00eb e hap\u00ebsir\u00ebs mori r\u00ebnd\u00ebsi me p\u00ebrhapjen e pandemis\u00eb Covid. Megjithat\u00eb, ajri i past\u00ebr ka qen\u00eb gjithmon\u00eb i r\u00ebnd\u00ebsish\u00ebm p\u00ebr sh\u00ebndetin ton\u00eb. Koh\u00ebt e fundit m\u00eb shum\u00eb v\u00ebmendje i \u00ebsht\u00eb kushtuar pasojave t\u00eb ajrosjes s\u00eb dob\u00ebt n\u00eb ambientet e mbyllura \u2013 ve\u00e7an\u00ebrisht ndikimi i munges\u00ebs&hellip;<\/p>\n","protected":false},"author":1,"featured_media":1058,"comment_status":"closed","ping_status":"open","sticky":false,"template":"","format":"standard","meta":{"footnotes":""},"categories":[1],"tags":[],"class_list":["post-1057","post","type-post","status-publish","format-standard","has-post-thumbnail","hentry","category-uncategorized"],"_links":{"self":[{"href":"https:\/\/prihoda.hr\/sq\/wp-json\/wp\/v2\/posts\/1057","targetHints":{"allow":["GET"]}}],"collection":[{"href":"https:\/\/prihoda.hr\/sq\/wp-json\/wp\/v2\/posts"}],"about":[{"href":"https:\/\/prihoda.hr\/sq\/wp-json\/wp\/v2\/types\/post"}],"author":[{"embeddable":true,"href":"https:\/\/prihoda.hr\/sq\/wp-json\/wp\/v2\/users\/1"}],"replies":[{"embeddable":true,"href":"https:\/\/prihoda.hr\/sq\/wp-json\/wp\/v2\/comments?post=1057"}],"version-history":[{"count":4,"href":"https:\/\/prihoda.hr\/sq\/wp-json\/wp\/v2\/posts\/1057\/revisions"}],"predecessor-version":[{"id":1094,"href":"https:\/\/prihoda.hr\/sq\/wp-json\/wp\/v2\/posts\/1057\/revisions\/1094"}],"wp:featuredmedia":[{"embeddable":true,"href":"https:\/\/prihoda.hr\/sq\/wp-json\/wp\/v2\/media\/1058"}],"wp:attachment":[{"href":"https:\/\/prihoda.hr\/sq\/wp-json\/wp\/v2\/media?parent=1057"}],"wp:term":[{"taxonomy":"category","embeddable":true,"href":"https:\/\/prihoda.hr\/sq\/wp-json\/wp\/v2\/categories?post=1057"},{"taxonomy":"post_tag","embeddable":true,"href":"https:\/\/prihoda.hr\/sq\/wp-json\/wp\/v2\/tags?post=1057"}],"curies":[{"name":"wp","href":"https:\/\/api.w.org\/{rel}","templated":true}]}}